{"id":11256,"date":"2021-06-07T00:01:52","date_gmt":"2021-06-07T03:01:52","guid":{"rendered":"https:\/\/fmalicia.com.ar\/?p=11256"},"modified":"2021-06-07T09:11:03","modified_gmt":"2021-06-07T12:11:03","slug":"7-de-junio-se-celebra-en-la-argentina-el-dia-del-periodista","status":"publish","type":"post","link":"https:\/\/fmalicia.com.ar\/?p=11256","title":{"rendered":"7 de junio se celebra en la Argentina el D\u00eda del Periodista"},"content":{"rendered":"\n<h5 class=\"wp-block-heading\"><\/h5>\n\n\n\n<p>En el a\u00f1o 1810, el dia 7 de junio el pol\u00edtico y abogado Mariano Moreno fund\u00f3 el primer peri\u00f3dico de la etapa independentista del pa\u00eds. En su honor en el pa\u00eds se celebra el d\u00eda del Periodista.-<\/p>\n\n\n\n<p>Se trat\u00f3 de la \u201cGazeta de Buenos Aires\u201d, en donde se publicaban las resoluciones oficiales, decretos y otros documentos, adem\u00e1s de noticias nacionales e internacionales.<\/p>\n\n\n\n<p>El peri\u00f3dico fue creado tan s\u00f3lo nueve d\u00edas despu\u00e9s de la creaci\u00f3n de la Primera Junta de Gobierno, y su publicaci\u00f3n fue un apertura hacia una nueva libertad de expresi\u00f3n.<\/p>\n\n\n\n<p>Entre sus principales redactores estuvieron el propio Mariano Moreno y Manuel Alberti , otro de los vocales del nuevo gobierno.<\/p>\n\n\n\n<p>\u201c\u00bfPor qu\u00e9 se ha de ocultar a las Provincias sus medidas relativas a solidar su uni\u00f3n, bajo nuevo sistema? \u00bfPor qu\u00e9 se les ha de tener ignorantes de las noticias pr\u00f3speras o adversas que manifiesten el sucesivo estado de la Pen\u00ednsula?\u2026 Para el logro de tan justos deseos ha resuelto la Junta que salga a la luz un nuevo peri\u00f3dico semanal, con el t\u00edtulo de la Gazeta de Buenos Aires, indicaba la publicaci\u00f3n\u201d.<\/p>\n\n\n\n<p>A\u00f1os m\u00e1s tarde, el 25 de mayo de 1938, se realiz\u00f3 en C\u00f3rdoba el Primer Consejo de Periodistas, decidiendo all\u00ed que el 7 de junio se instituye como el D\u00eda del Periodista, adem\u00e1s de sentarse las bases del Estatuto del Periodista Profesional<\/p>\n\n\n\n<p>La Gazeta tuvo un per\u00edodo de vida de 11 a\u00f1os, cuando en 1821 Bernardino Rivadavia decidi\u00f3 sustituirla por el Registro Oficial, luego del exilio de Moreno y la muerte de Alberti. Esto hizo que la publicaci\u00f3n pase a manos del diputado cordob\u00e9s Gregorio Funes y posteriormente hacia Pablo Agrelo.<\/p>\n\n\n\n<figure class=\"wp-block-image size-large is-resized\"><img loading=\"lazy\" decoding=\"async\" src=\"https:\/\/resizer.glanacion.com\/resizer\/OzaMx7uDFZbEE15t9tCy2xui3Pc=\/1119x746\/smart\/filters:quality(80)\/cloudfront-us-east-1.images.arcpublishing.com\/lanacionar\/JUY7O5MMN5APZOPLTEBD24TLNM.jpg\" alt=\"\" width=\"789\" height=\"525\"\/><\/figure>\n","protected":false},"excerpt":{"rendered":"<p>En el a\u00f1o 1810, el dia 7 de junio el pol\u00edtico y abogado Mariano Moreno fund\u00f3 el primer peri\u00f3dico de la etapa independentista del pa\u00eds. En su honor en el&hellip; <\/p>\n","protected":false},"author":2,"featured_media":11258,"comment_status":"open","ping_status":"open","sticky":false,"template":"","format":"standard","meta":{"footnotes":""},"categories":[1,7],"tags":[],"class_list":["post-11256","post","type-post","status-publish","format-standard","has-post-thumbnail","hentry","category-culturales","category-nacionales"],"views":298,"_links":{"self":[{"href":"https:\/\/fmalicia.com.ar\/index.php?rest_route=\/wp\/v2\/posts\/11256","targetHints":{"allow":["GET"]}}],"collection":[{"href":"https:\/\/fmalicia.com.ar\/index.php?rest_route=\/wp\/v2\/posts"}],"about":[{"href":"https:\/\/fmalicia.com.ar\/index.php?rest_route=\/wp\/v2\/types\/post"}],"author":[{"embeddable":true,"href":"https:\/\/fmalicia.com.ar\/index.php?rest_route=\/wp\/v2\/users\/2"}],"replies":[{"embeddable":true,"href":"https:\/\/fmalicia.com.ar\/index.php?rest_route=%2Fwp%2Fv2%2Fcomments&post=11256"}],"version-history":[{"count":1,"href":"https:\/\/fmalicia.com.ar\/index.php?rest_route=\/wp\/v2\/posts\/11256\/revisions"}],"predecessor-version":[{"id":11257,"href":"https:\/\/fmalicia.com.ar\/index.php?rest_route=\/wp\/v2\/posts\/11256\/revisions\/11257"}],"wp:featuredmedia":[{"embeddable":true,"href":"https:\/\/fmalicia.com.ar\/index.php?rest_route=\/wp\/v2\/media\/11258"}],"wp:attachment":[{"href":"https:\/\/fmalicia.com.ar\/index.php?rest_route=%2Fwp%2Fv2%2Fmedia&parent=11256"}],"wp:term":[{"taxonomy":"category","embeddable":true,"href":"https:\/\/fmalicia.com.ar\/index.php?rest_route=%2Fwp%2Fv2%2Fcategories&post=11256"},{"taxonomy":"post_tag","embeddable":true,"href":"https:\/\/fmalicia.com.ar\/index.php?rest_route=%2Fwp%2Fv2%2Ftags&post=11256"}],"curies":[{"name":"wp","href":"https:\/\/api.w.org\/{rel}","templated":true}]}}